{"id":971,"date":"2022-11-17T10:39:00","date_gmt":"2022-11-17T09:39:00","guid":{"rendered":"https:\/\/www.tuner.be\/prod\/?p=971"},"modified":"2022-11-17T10:39:01","modified_gmt":"2022-11-17T09:39:01","slug":"un-bon-compresseur-vst-a-seulement-6e-pour-le-black-friday","status":"publish","type":"post","link":"https:\/\/www.tuner.be\/prod\/un-bon-compresseur-vst-a-seulement-6e-pour-le-black-friday\/","title":{"rendered":"Un bon compresseur VST \u00e0 seulement 6\u20ac pour le Black Friday"},"content":{"rendered":"\n<p>Le Black Friday 2022 a d\u00e9j\u00e0 commenc\u00e9, c&#8217;est le moment de faire le plein de bonnes affaires. Et lorsqu&#8217;un outil combinant un compresseur moderne VCA et un \u00e9mulateur de compression \u00e0 lampe est propos\u00e9 avec 80% de r\u00e9duction, pourquoi s&#8217;en passer ?<\/p>\n\n\n\n<p><strong>GRIP Valve Drive Compressor <\/strong>propose les r\u00e9glages de type VCA (pour Voltage-Controlled Amplifier), un type de compression g\u00e9n\u00e9ralement plus doux et moderne. Mais il permet aussi l&#8217;\u00e9mulation de tube \u00e0 l&#8217;ancienne pour donner plus de chaleur et de caract\u00e8re au son.<\/p>\n\n\n\n<p>Les r\u00e9glages standards propos\u00e9s sont le seuil, ratio, attaque, rel\u00e2chement et gain de sortie.. Le Valve Drive permet de contr\u00f4ler la coloration du son, typiquement l&#8217;\u00e9mulation de tube \u00e0 lampe. Le bouton Bias affecte la tonalit\u00e9, et deux modes \u00e0 lampes sont disponibles, Triode et Pentode.<\/p>\n\n\n\n<p>Le plugin dispose de pr\u00e9r\u00e9glages int\u00e9ressants permettant une utilisation imm\u00e9diate.<\/p>\n\n\n\n<p>Pour b\u00e9n\u00e9ficier de ce plugin \u00e0 seulement 6\u20ac jusqu&#8217;au 4 d\u00e9cembre 2022, c&#8217;est ici: <a href=\"https:\/\/www.resonance-sound.com\/product\/cfa-sound-grip-valve-drive-compressor\/\" target=\"_blank\" rel=\"noreferrer noopener\">https:\/\/www.resonance-sound.com\/product\/cfa-sound-grip-valve-drive-compressor\/<\/a><\/p>\n\n\n\n<iframe loading=\"lazy\" width=\"854\" height=\"480\" src=\"https:\/\/www.youtube.com\/embed\/LBoYDxrT3bg\" title=\"CFA Sound - GRIP Valve Drive Compressor (AudioUnit &#038; VST)\" frameborder=\"0\" allow=\"accelerometer; autoplay; clipboard-write; encrypted-media; gyroscope; picture-in-picture\" allowfullscreen><\/iframe>\n","protected":false},"excerpt":{"rendered":"<p>Le Black Friday 2022 a d\u00e9j\u00e0 commenc\u00e9, c&#8217;est le moment de faire le plein de bonnes affaires. Et lorsqu&#8217;un outil combinant un compresseur moderne VCA et un \u00e9mulateur de compression \u00e0 lampe est propos\u00e9 avec 80% de r\u00e9duction, pourquoi s&#8217;en passer ? GRIP Valve Drive Compressor propose les r\u00e9glages de type VCA (pour Voltage-Controlled Amplifier),&hellip;<\/p>\n","protected":false},"author":1,"featured_media":973,"comment_status":"open","ping_status":"open","sticky":false,"template":"","format":"standard","meta":{"footnotes":""},"categories":[7,31],"tags":[55,33],"class_list":["post-971","post","type-post","status-publish","format-standard","has-post-thumbnail","hentry","category-a-la-une","category-outils","tag-traitement-de-son","tag-vst"],"magazineBlocksPostFeaturedMedia":{"thumbnail":"https:\/\/www.tuner.be\/prod\/wp-content\/uploads\/2022\/11\/GRIPCompressor-150x150.jpg","medium":"https:\/\/www.tuner.be\/prod\/wp-content\/uploads\/2022\/11\/GRIPCompressor-300x169.jpg","medium_large":"https:\/\/www.tuner.be\/prod\/wp-content\/uploads\/2022\/11\/GRIPCompressor-768x432.jpg","large":"https:\/\/www.tuner.be\/prod\/wp-content\/uploads\/2022\/11\/GRIPCompressor-1024x576.jpg","1536x1536":"https:\/\/www.tuner.be\/prod\/wp-content\/uploads\/2022\/11\/GRIPCompressor.jpg","2048x2048":"https:\/\/www.tuner.be\/prod\/wp-content\/uploads\/2022\/11\/GRIPCompressor.jpg","audioigniter_cover":"https:\/\/www.tuner.be\/prod\/wp-content\/uploads\/2022\/11\/GRIPCompressor-560x560.jpg"},"magazineBlocksPostAuthor":{"name":"Fabien","avatar":"https:\/\/www.tuner.be\/prod\/wp-content\/uploads\/2022\/10\/cropped-tunerprod_icon-150x150.jpg"},"magazineBlocksPostCommentsNumber":"0","magazineBlocksPostExcerpt":"Le Black Friday 2022 a d\u00e9j\u00e0 commenc\u00e9, c&#8217;est le moment de faire le plein de bonnes affaires. Et lorsqu&#8217;un outil combinant un compresseur moderne VCA et un \u00e9mulateur de compression \u00e0 lampe est propos\u00e9 avec 80% de r\u00e9duction, pourquoi s&#8217;en passer ? GRIP Valve Drive Compressor propose les r\u00e9glages de type VCA (pour Voltage-Controlled Amplifier),&hellip;","magazineBlocksPostCategories":["A la une","Outils"],"magazine_blocks_featured_image_url":{"full":["https:\/\/www.tuner.be\/prod\/wp-content\/uploads\/2022\/11\/GRIPCompressor.jpg",1280,720,false],"medium":["https:\/\/www.tuner.be\/prod\/wp-content\/uploads\/2022\/11\/GRIPCompressor-300x169.jpg",300,169,true],"thumbnail":["https:\/\/www.tuner.be\/prod\/wp-content\/uploads\/2022\/11\/GRIPCompressor-150x150.jpg",150,150,true]},"magazine_blocks_author":{"display_name":"Fabien","author_link":"https:\/\/www.tuner.be\/prod\/author\/tunerprod\/"},"magazine_blocks_comment":0,"magazine_blocks_author_image":"https:\/\/www.tuner.be\/prod\/wp-content\/uploads\/2022\/10\/cropped-tunerprod_icon-150x150.jpg","magazine_blocks_category":"<a href=\"https:\/\/www.tuner.be\/prod\/category\/a-la-une\/\" rel=\"category tag\">A la une<\/a> <a href=\"https:\/\/www.tuner.be\/prod\/category\/outils\/\" rel=\"category tag\">Outils<\/a>","yoast_head":"<!-- This site is optimized with the Yoast SEO plugin v22.3 - https:\/\/yoast.com\/wordpress\/plugins\/seo\/ -->\n<title>Un bon compresseur VST \u00e0 seulement 6\u20ac pour le Black Friday | Tuner Production<\/title>\n<meta name=\"robots\" content=\"index, follow, max-snippet:-1, max-image-preview:large, max-video-preview:-1\" \/>\n<link rel=\"canonical\" href=\"https:\/\/www.tuner.be\/prod\/un-bon-compresseur-vst-a-seulement-6e-pour-le-black-friday\/\" \/>\n<meta property=\"og:locale\" content=\"fr_FR\" \/>\n<meta property=\"og:type\" content=\"article\" \/>\n<meta property=\"og:title\" content=\"Un bon compresseur VST \u00e0 seulement 6\u20ac pour le Black Friday | Tuner Production\" \/>\n<meta property=\"og:description\" content=\"Le Black Friday 2022 a d\u00e9j\u00e0 commenc\u00e9, c&#8217;est le moment de faire le plein de bonnes affaires. Et lorsqu&#8217;un outil combinant un compresseur moderne VCA et un \u00e9mulateur de compression \u00e0 lampe est propos\u00e9 avec 80% de r\u00e9duction, pourquoi s&#8217;en passer ? GRIP Valve Drive Compressor propose les r\u00e9glages de type VCA (pour Voltage-Controlled Amplifier),&hellip;\" \/>\n<meta property=\"og:url\" content=\"https:\/\/www.tuner.be\/prod\/un-bon-compresseur-vst-a-seulement-6e-pour-le-black-friday\/\" \/>\n<meta property=\"og:site_name\" content=\"Tuner Production\" \/>\n<meta property=\"article:publisher\" content=\"https:\/\/www.facebook.com\/tunerbe\" \/>\n<meta property=\"article:published_time\" content=\"2022-11-17T09:39:00+00:00\" \/>\n<meta property=\"article:modified_time\" content=\"2022-11-17T09:39:01+00:00\" \/>\n<meta property=\"og:image\" content=\"https:\/\/www.tuner.be\/prod\/wp-content\/uploads\/2022\/11\/GRIPCompressor.jpg\" \/>\n\t<meta property=\"og:image:width\" content=\"1280\" \/>\n\t<meta property=\"og:image:height\" content=\"720\" \/>\n\t<meta property=\"og:image:type\" content=\"image\/jpeg\" \/>\n<meta name=\"author\" content=\"Fabien\" \/>\n<meta name=\"twitter:card\" content=\"summary_large_image\" \/>\n<meta name=\"twitter:creator\" content=\"@tunerbe\" \/>\n<meta name=\"twitter:site\" content=\"@tunerbe\" \/>\n<meta name=\"twitter:label1\" content=\"\u00c9crit par\" \/>\n\t<meta name=\"twitter:data1\" content=\"Fabien\" \/>\n\t<meta name=\"twitter:label2\" content=\"Dur\u00e9e de lecture est.\" \/>\n\t<meta name=\"twitter:data2\" content=\"1 minute\" \/>\n<script type=\"application\/ld+json\" class=\"yoast-schema-graph\">{\"@context\":\"https:\/\/schema.org\",\"@graph\":[{\"@type\":\"Article\",\"@id\":\"https:\/\/www.tuner.be\/prod\/un-bon-compresseur-vst-a-seulement-6e-pour-le-black-friday\/#article\",\"isPartOf\":{\"@id\":\"https:\/\/www.tuner.be\/prod\/un-bon-compresseur-vst-a-seulement-6e-pour-le-black-friday\/\"},\"author\":{\"name\":\"Fabien\",\"@id\":\"https:\/\/www.tuner.be\/prod\/#\/schema\/person\/9debe9c3fe2ece4404c9447694a11711\"},\"headline\":\"Un bon compresseur VST \u00e0 seulement 6\u20ac pour le Black Friday\",\"datePublished\":\"2022-11-17T09:39:00+00:00\",\"dateModified\":\"2022-11-17T09:39:01+00:00\",\"mainEntityOfPage\":{\"@id\":\"https:\/\/www.tuner.be\/prod\/un-bon-compresseur-vst-a-seulement-6e-pour-le-black-friday\/\"},\"wordCount\":176,\"commentCount\":0,\"publisher\":{\"@id\":\"https:\/\/www.tuner.be\/prod\/#organization\"},\"image\":{\"@id\":\"https:\/\/www.tuner.be\/prod\/un-bon-compresseur-vst-a-seulement-6e-pour-le-black-friday\/#primaryimage\"},\"thumbnailUrl\":\"https:\/\/www.tuner.be\/prod\/wp-content\/uploads\/2022\/11\/GRIPCompressor.jpg\",\"keywords\":[\"traitement de son\",\"vst\"],\"articleSection\":[\"A la une\",\"Outils\"],\"inLanguage\":\"fr-BE\",\"potentialAction\":[{\"@type\":\"CommentAction\",\"name\":\"Comment\",\"target\":[\"https:\/\/www.tuner.be\/prod\/un-bon-compresseur-vst-a-seulement-6e-pour-le-black-friday\/#respond\"]}]},{\"@type\":\"WebPage\",\"@id\":\"https:\/\/www.tuner.be\/prod\/un-bon-compresseur-vst-a-seulement-6e-pour-le-black-friday\/\",\"url\":\"https:\/\/www.tuner.be\/prod\/un-bon-compresseur-vst-a-seulement-6e-pour-le-black-friday\/\",\"name\":\"Un bon compresseur VST \u00e0 seulement 6\u20ac pour le Black Friday | Tuner Production\",\"isPartOf\":{\"@id\":\"https:\/\/www.tuner.be\/prod\/#website\"},\"primaryImageOfPage\":{\"@id\":\"https:\/\/www.tuner.be\/prod\/un-bon-compresseur-vst-a-seulement-6e-pour-le-black-friday\/#primaryimage\"},\"image\":{\"@id\":\"https:\/\/www.tuner.be\/prod\/un-bon-compresseur-vst-a-seulement-6e-pour-le-black-friday\/#primaryimage\"},\"thumbnailUrl\":\"https:\/\/www.tuner.be\/prod\/wp-content\/uploads\/2022\/11\/GRIPCompressor.jpg\",\"datePublished\":\"2022-11-17T09:39:00+00:00\",\"dateModified\":\"2022-11-17T09:39:01+00:00\",\"breadcrumb\":{\"@id\":\"https:\/\/www.tuner.be\/prod\/un-bon-compresseur-vst-a-seulement-6e-pour-le-black-friday\/#breadcrumb\"},\"inLanguage\":\"fr-BE\",\"potentialAction\":[{\"@type\":\"ReadAction\",\"target\":[\"https:\/\/www.tuner.be\/prod\/un-bon-compresseur-vst-a-seulement-6e-pour-le-black-friday\/\"]}]},{\"@type\":\"ImageObject\",\"inLanguage\":\"fr-BE\",\"@id\":\"https:\/\/www.tuner.be\/prod\/un-bon-compresseur-vst-a-seulement-6e-pour-le-black-friday\/#primaryimage\",\"url\":\"https:\/\/www.tuner.be\/prod\/wp-content\/uploads\/2022\/11\/GRIPCompressor.jpg\",\"contentUrl\":\"https:\/\/www.tuner.be\/prod\/wp-content\/uploads\/2022\/11\/GRIPCompressor.jpg\",\"width\":1280,\"height\":720},{\"@type\":\"BreadcrumbList\",\"@id\":\"https:\/\/www.tuner.be\/prod\/un-bon-compresseur-vst-a-seulement-6e-pour-le-black-friday\/#breadcrumb\",\"itemListElement\":[{\"@type\":\"ListItem\",\"position\":1,\"name\":\"Accueil\",\"item\":\"https:\/\/www.tuner.be\/prod\/\"},{\"@type\":\"ListItem\",\"position\":2,\"name\":\"Un bon compresseur VST \u00e0 seulement 6\u20ac pour le Black Friday\"}]},{\"@type\":\"WebSite\",\"@id\":\"https:\/\/www.tuner.be\/prod\/#website\",\"url\":\"https:\/\/www.tuner.be\/prod\/\",\"name\":\"Tuner Production\",\"description\":\"Votre dose de sons libres de droit\",\"publisher\":{\"@id\":\"https:\/\/www.tuner.be\/prod\/#organization\"},\"potentialAction\":[{\"@type\":\"SearchAction\",\"target\":{\"@type\":\"EntryPoint\",\"urlTemplate\":\"https:\/\/www.tuner.be\/prod\/?s={search_term_string}\"},\"query-input\":\"required name=search_term_string\"}],\"inLanguage\":\"fr-BE\"},{\"@type\":\"Organization\",\"@id\":\"https:\/\/www.tuner.be\/prod\/#organization\",\"name\":\"Tuner Production\",\"url\":\"https:\/\/www.tuner.be\/prod\/\",\"logo\":{\"@type\":\"ImageObject\",\"inLanguage\":\"fr-BE\",\"@id\":\"https:\/\/www.tuner.be\/prod\/#\/schema\/logo\/image\/\",\"url\":\"https:\/\/www.tuner.be\/prod\/wp-content\/uploads\/2022\/10\/tunerlogo22.png\",\"contentUrl\":\"https:\/\/www.tuner.be\/prod\/wp-content\/uploads\/2022\/10\/tunerlogo22.png\",\"width\":501,\"height\":91,\"caption\":\"Tuner Production\"},\"image\":{\"@id\":\"https:\/\/www.tuner.be\/prod\/#\/schema\/logo\/image\/\"},\"sameAs\":[\"https:\/\/www.facebook.com\/tunerbe\",\"https:\/\/twitter.com\/tunerbe\"]},{\"@type\":\"Person\",\"@id\":\"https:\/\/www.tuner.be\/prod\/#\/schema\/person\/9debe9c3fe2ece4404c9447694a11711\",\"name\":\"Fabien\",\"image\":{\"@type\":\"ImageObject\",\"inLanguage\":\"fr-BE\",\"@id\":\"https:\/\/www.tuner.be\/prod\/#\/schema\/person\/image\/\",\"url\":\"https:\/\/www.tuner.be\/prod\/wp-content\/uploads\/2022\/10\/cropped-tunerprod_icon-150x150.jpg\",\"contentUrl\":\"https:\/\/www.tuner.be\/prod\/wp-content\/uploads\/2022\/10\/cropped-tunerprod_icon-150x150.jpg\",\"caption\":\"Fabien\"},\"sameAs\":[\"https:\/\/www.tuner.be\/prod\"],\"url\":\"https:\/\/www.tuner.be\/prod\/author\/tunerprod\/\"}]}<\/script>\n<!-- \/ Yoast SEO plugin. -->","yoast_head_json":{"title":"Un bon compresseur VST \u00e0 seulement 6\u20ac pour le Black Friday | Tuner Production","robots":{"index":"index","follow":"follow","max-snippet":"max-snippet:-1","max-image-preview":"max-image-preview:large","max-video-preview":"max-video-preview:-1"},"canonical":"https:\/\/www.tuner.be\/prod\/un-bon-compresseur-vst-a-seulement-6e-pour-le-black-friday\/","og_locale":"fr_FR","og_type":"article","og_title":"Un bon compresseur VST \u00e0 seulement 6\u20ac pour le Black Friday | Tuner Production","og_description":"Le Black Friday 2022 a d\u00e9j\u00e0 commenc\u00e9, c&#8217;est le moment de faire le plein de bonnes affaires. Et lorsqu&#8217;un outil combinant un compresseur moderne VCA et un \u00e9mulateur de compression \u00e0 lampe est propos\u00e9 avec 80% de r\u00e9duction, pourquoi s&#8217;en passer ? GRIP Valve Drive Compressor propose les r\u00e9glages de type VCA (pour Voltage-Controlled Amplifier),&hellip;","og_url":"https:\/\/www.tuner.be\/prod\/un-bon-compresseur-vst-a-seulement-6e-pour-le-black-friday\/","og_site_name":"Tuner Production","article_publisher":"https:\/\/www.facebook.com\/tunerbe","article_published_time":"2022-11-17T09:39:00+00:00","article_modified_time":"2022-11-17T09:39:01+00:00","og_image":[{"width":1280,"height":720,"url":"https:\/\/www.tuner.be\/prod\/wp-content\/uploads\/2022\/11\/GRIPCompressor.jpg","type":"image\/jpeg"}],"author":"Fabien","twitter_card":"summary_large_image","twitter_creator":"@tunerbe","twitter_site":"@tunerbe","twitter_misc":{"\u00c9crit par":"Fabien","Dur\u00e9e de lecture est.":"1 minute"},"schema":{"@context":"https:\/\/schema.org","@graph":[{"@type":"Article","@id":"https:\/\/www.tuner.be\/prod\/un-bon-compresseur-vst-a-seulement-6e-pour-le-black-friday\/#article","isPartOf":{"@id":"https:\/\/www.tuner.be\/prod\/un-bon-compresseur-vst-a-seulement-6e-pour-le-black-friday\/"},"author":{"name":"Fabien","@id":"https:\/\/www.tuner.be\/prod\/#\/schema\/person\/9debe9c3fe2ece4404c9447694a11711"},"headline":"Un bon compresseur VST \u00e0 seulement 6\u20ac pour le Black Friday","datePublished":"2022-11-17T09:39:00+00:00","dateModified":"2022-11-17T09:39:01+00:00","mainEntityOfPage":{"@id":"https:\/\/www.tuner.be\/prod\/un-bon-compresseur-vst-a-seulement-6e-pour-le-black-friday\/"},"wordCount":176,"commentCount":0,"publisher":{"@id":"https:\/\/www.tuner.be\/prod\/#organization"},"image":{"@id":"https:\/\/www.tuner.be\/prod\/un-bon-compresseur-vst-a-seulement-6e-pour-le-black-friday\/#primaryimage"},"thumbnailUrl":"https:\/\/www.tuner.be\/prod\/wp-content\/uploads\/2022\/11\/GRIPCompressor.jpg","keywords":["traitement de son","vst"],"articleSection":["A la une","Outils"],"inLanguage":"fr-BE","potentialAction":[{"@type":"CommentAction","name":"Comment","target":["https:\/\/www.tuner.be\/prod\/un-bon-compresseur-vst-a-seulement-6e-pour-le-black-friday\/#respond"]}]},{"@type":"WebPage","@id":"https:\/\/www.tuner.be\/prod\/un-bon-compresseur-vst-a-seulement-6e-pour-le-black-friday\/","url":"https:\/\/www.tuner.be\/prod\/un-bon-compresseur-vst-a-seulement-6e-pour-le-black-friday\/","name":"Un bon compresseur VST \u00e0 seulement 6\u20ac pour le Black Friday | Tuner Production","isPartOf":{"@id":"https:\/\/www.tuner.be\/prod\/#website"},"primaryImageOfPage":{"@id":"https:\/\/www.tuner.be\/prod\/un-bon-compresseur-vst-a-seulement-6e-pour-le-black-friday\/#primaryimage"},"image":{"@id":"https:\/\/www.tuner.be\/prod\/un-bon-compresseur-vst-a-seulement-6e-pour-le-black-friday\/#primaryimage"},"thumbnailUrl":"https:\/\/www.tuner.be\/prod\/wp-content\/uploads\/2022\/11\/GRIPCompressor.jpg","datePublished":"2022-11-17T09:39:00+00:00","dateModified":"2022-11-17T09:39:01+00:00","breadcrumb":{"@id":"https:\/\/www.tuner.be\/prod\/un-bon-compresseur-vst-a-seulement-6e-pour-le-black-friday\/#breadcrumb"},"inLanguage":"fr-BE","potentialAction":[{"@type":"ReadAction","target":["https:\/\/www.tuner.be\/prod\/un-bon-compresseur-vst-a-seulement-6e-pour-le-black-friday\/"]}]},{"@type":"ImageObject","inLanguage":"fr-BE","@id":"https:\/\/www.tuner.be\/prod\/un-bon-compresseur-vst-a-seulement-6e-pour-le-black-friday\/#primaryimage","url":"https:\/\/www.tuner.be\/prod\/wp-content\/uploads\/2022\/11\/GRIPCompressor.jpg","contentUrl":"https:\/\/www.tuner.be\/prod\/wp-content\/uploads\/2022\/11\/GRIPCompressor.jpg","width":1280,"height":720},{"@type":"BreadcrumbList","@id":"https:\/\/www.tuner.be\/prod\/un-bon-compresseur-vst-a-seulement-6e-pour-le-black-friday\/#breadcrumb","itemListElement":[{"@type":"ListItem","position":1,"name":"Accueil","item":"https:\/\/www.tuner.be\/prod\/"},{"@type":"ListItem","position":2,"name":"Un bon compresseur VST \u00e0 seulement 6\u20ac pour le Black Friday"}]},{"@type":"WebSite","@id":"https:\/\/www.tuner.be\/prod\/#website","url":"https:\/\/www.tuner.be\/prod\/","name":"Tuner Production","description":"Votre dose de sons libres de droit","publisher":{"@id":"https:\/\/www.tuner.be\/prod\/#organization"},"potentialAction":[{"@type":"SearchAction","target":{"@type":"EntryPoint","urlTemplate":"https:\/\/www.tuner.be\/prod\/?s={search_term_string}"},"query-input":"required name=search_term_string"}],"inLanguage":"fr-BE"},{"@type":"Organization","@id":"https:\/\/www.tuner.be\/prod\/#organization","name":"Tuner Production","url":"https:\/\/www.tuner.be\/prod\/","logo":{"@type":"ImageObject","inLanguage":"fr-BE","@id":"https:\/\/www.tuner.be\/prod\/#\/schema\/logo\/image\/","url":"https:\/\/www.tuner.be\/prod\/wp-content\/uploads\/2022\/10\/tunerlogo22.png","contentUrl":"https:\/\/www.tuner.be\/prod\/wp-content\/uploads\/2022\/10\/tunerlogo22.png","width":501,"height":91,"caption":"Tuner Production"},"image":{"@id":"https:\/\/www.tuner.be\/prod\/#\/schema\/logo\/image\/"},"sameAs":["https:\/\/www.facebook.com\/tunerbe","https:\/\/twitter.com\/tunerbe"]},{"@type":"Person","@id":"https:\/\/www.tuner.be\/prod\/#\/schema\/person\/9debe9c3fe2ece4404c9447694a11711","name":"Fabien","image":{"@type":"ImageObject","inLanguage":"fr-BE","@id":"https:\/\/www.tuner.be\/prod\/#\/schema\/person\/image\/","url":"https:\/\/www.tuner.be\/prod\/wp-content\/uploads\/2022\/10\/cropped-tunerprod_icon-150x150.jpg","contentUrl":"https:\/\/www.tuner.be\/prod\/wp-content\/uploads\/2022\/10\/cropped-tunerprod_icon-150x150.jpg","caption":"Fabien"},"sameAs":["https:\/\/www.tuner.be\/prod"],"url":"https:\/\/www.tuner.be\/prod\/author\/tunerprod\/"}]}},"_links":{"self":[{"href":"https:\/\/www.tuner.be\/prod\/wp-json\/wp\/v2\/posts\/971","targetHints":{"allow":["GET"]}}],"collection":[{"href":"https:\/\/www.tuner.be\/prod\/wp-json\/wp\/v2\/posts"}],"about":[{"href":"https:\/\/www.tuner.be\/prod\/wp-json\/wp\/v2\/types\/post"}],"author":[{"embeddable":true,"href":"https:\/\/www.tuner.be\/prod\/wp-json\/wp\/v2\/users\/1"}],"replies":[{"embeddable":true,"href":"https:\/\/www.tuner.be\/prod\/wp-json\/wp\/v2\/comments?post=971"}],"version-history":[{"count":2,"href":"https:\/\/www.tuner.be\/prod\/wp-json\/wp\/v2\/posts\/971\/revisions"}],"predecessor-version":[{"id":974,"href":"https:\/\/www.tuner.be\/prod\/wp-json\/wp\/v2\/posts\/971\/revisions\/974"}],"wp:featuredmedia":[{"embeddable":true,"href":"https:\/\/www.tuner.be\/prod\/wp-json\/wp\/v2\/media\/973"}],"wp:attachment":[{"href":"https:\/\/www.tuner.be\/prod\/wp-json\/wp\/v2\/media?parent=971"}],"wp:term":[{"taxonomy":"category","embeddable":true,"href":"https:\/\/www.tuner.be\/prod\/wp-json\/wp\/v2\/categories?post=971"},{"taxonomy":"post_tag","embeddable":true,"href":"https:\/\/www.tuner.be\/prod\/wp-json\/wp\/v2\/tags?post=971"}],"curies":[{"name":"wp","href":"https:\/\/api.w.org\/{rel}","templated":true}]}}